{"id":8269,"date":"2026-06-15T09:20:33","date_gmt":"2026-06-15T09:20:33","guid":{"rendered":"https:\/\/homesincostabrava.com\/blog\/platja-de-pals\/"},"modified":"2026-07-21T12:22:27","modified_gmt":"2026-07-21T12:22:27","slug":"platja-de-pals-plage","status":"publish","type":"post","link":"https:\/\/homesincostabrava.com\/fr\/blog\/platja-de-pals-plage\/","title":{"rendered":"Plage de Pals : l&rsquo;une des meilleures plages de la Costa Brava"},"content":{"rendered":"\n<p class=\"wp-block-paragraph\">Si tu cherches des options de plage sur la Costa Brava et que tu n&rsquo;as pas encore envisag\u00e9 Pals, tu vas changer d&rsquo;avis tr\u00e8s tr\u00e8s rapidement si tu continues \u00e0 lire.<\/p>\n\n<p class=\"wp-block-paragraph\">Pals n&rsquo;est pas la plus connue, mais <strong>elle a quelque chose qui manque \u00e0 de nombreuses plages plus c\u00e9l\u00e8bres : beaucoup d&rsquo;espace et un environnement naturel enviable<\/strong>.<\/p>\n\n<p class=\"wp-block-paragraph\">Elle se trouve dans le Baix Empord\u00e0, au sein du parc naturel du Montgr\u00ed, tr\u00e8s pr\u00e8s des \u00eeles Medes et du Baix Ter. Rien qu&rsquo;avec cette pr\u00e9sentation\u2026 \u00e7a donne envie de la d\u00e9couvrir, n&rsquo;est-ce pas ? <\/p>\n\n<h2 class=\"wp-block-heading\">Caract\u00e9ristiques et services de la plage <\/h2>\n\n<p class=\"wp-block-paragraph\"><strong>La plage mesure 3,5 kilom\u00e8tres et se divise en deux zones : la Playa Gran<\/strong>, avec des paillotes, des douches, des transats, des toilettes et un point d&rsquo;information touristique, <strong>et la Playa del Grau<\/strong>, beaucoup plus naturelle, avec des dunes et peu d&rsquo;infrastructures.<\/p>\n\n<p class=\"wp-block-paragraph\">Le parking existe mais il est payant en haute saison, donc si tu arrives tard et que c&rsquo;est l&rsquo;\u00e9t\u00e9, tu devras marcher pas mal jusqu&rsquo;\u00e0 la plage ou acc\u00e9der au parking, qui d&rsquo;ailleurs est assez petit.<\/p>\n\n<p class=\"wp-block-paragraph\">Et passons \u00e0 l&rsquo;important, \u00e0 quoi ressemble la plage. <strong>Elle a du sable fin d&rsquo;une couleur dor\u00e9e tr\u00e8s intense, avec environ 70 m\u00e8tres de largeur jusqu&rsquo;au rivage et, comme tu le sais, en M\u00e9diterran\u00e9e il y a \u00e0 peine des mar\u00e9es montantes et descendantes, donc cet espace pour poser ta serviette restera \u2014 plus ou moins \u2014 toujours le m\u00eame.<\/strong><\/p>\n\n<p class=\"wp-block-paragraph\">L&rsquo;eau a une qualit\u00e9 certifi\u00e9e par l&rsquo;Agence catalane de l&rsquo;eau et les vagues sont g\u00e9n\u00e9ralement assez vives, ce qui ravit les amateurs de <em>surf<\/em> et aussi ceux qui veulent un peu de mouvement en se baignant.<\/p>\n\n<p class=\"wp-block-paragraph\">Qu&rsquo;est-ce qu&rsquo;elle n&rsquo;a pas ? \u00c9coute, <strong>elle n&rsquo;a pas de promenade en bord de mer<\/strong> mais \u00e0 la place il y a des passerelles en bois qui traversent les dunes ; une solution beaucoup plus jolie et plus respectueuse de l&rsquo;environnement que la promenade en b\u00e9ton typique. <\/p>\n\n<figure class=\"wp-block-image size-large\"><img fetchpriority=\"high\" decoding=\"async\" width=\"1024\" height=\"768\" src=\"https:\/\/homesincostabrava.com\/wp-content\/uploads\/2026\/06\/Platja-de-Pals-servicios-1024x768.webp\" alt=\"\" class=\"wp-image-8254\" srcset=\"https:\/\/homesincostabrava.com\/wp-content\/uploads\/2026\/06\/Platja-de-Pals-servicios-1024x768.webp 1024w, https:\/\/homesincostabrava.com\/wp-content\/uploads\/2026\/06\/Platja-de-Pals-servicios-300x225.webp 300w, https:\/\/homesincostabrava.com\/wp-content\/uploads\/2026\/06\/Platja-de-Pals-servicios-768x576.webp 768w, https:\/\/homesincostabrava.com\/wp-content\/uploads\/2026\/06\/Platja-de-Pals-servicios.webp 1360w\" sizes=\"(max-width: 1024px) 100vw, 1024px\" \/><\/figure>\n\n<h2 class=\"wp-block-heading\">Activit\u00e9s et sports nautiques que tu peux pratiquer \u00e0 la plage de Pals <\/h2>\n\n<p class=\"wp-block-paragraph\">Le vent de levant et de tramontane, qui donne du caract\u00e8re \u00e0 cette c\u00f4te, fait de la plage de Pals un <strong>point de r\u00e9f\u00e9rence pour le <\/strong><strong><em>windsurf<\/em><\/strong><strong>, le <\/strong><strong><em>kitesurf<\/em><\/strong><strong> et le <\/strong><strong><em>surf<\/em><\/strong>. Si tu pratiques l&rsquo;un de ces sports, tu dois savoir qu&rsquo;ici les conditions ne sont pas bonnes, elles sont excellentes ! <\/p>\n\n<p class=\"wp-block-paragraph\">Il y a aussi des entreprises dans la zone qui proposent la location de mat\u00e9riel pour faire du <strong><em>kayak<\/em><\/strong><strong> et du <\/strong><strong><em>paddlesurf<\/em><\/strong><strong> <\/strong>et, bien s\u00fbr, il est tout \u00e0 fait l\u00e9gitime de venir simplement avec l&rsquo;id\u00e9e de poser ta serviette sur le sable. C&rsquo;est toi qui d\u00e9cides. <\/p>\n\n<p class=\"wp-block-paragraph\">Ah ! Et hors de l&rsquo;eau, dans les environs, tu vas tomber sur plusieurs sentiers de randonn\u00e9e \u2014 que tu peux aussi faire \u00e0 v\u00e9lo \u2014 dans le parc naturel du Montgr\u00ed et un terrain de golf \u2014 qui fut le premier \u00e0 exister sur la Costa Brava \u2014 qui serpente entre dunes et pins. <\/p>\n\n<h2 class=\"wp-block-heading\">Comment se rendre \u00e0 la plage de Pals<\/h2>\n\n<p class=\"wp-block-paragraph\">En voiture depuis Barcelone, tu peux prendre l&rsquo;<strong>autoroute AP-7 en direction de G\u00e9rone<\/strong> pour sortir par l&#8217;embranchement num\u00e9ro six. De l\u00e0, <strong>continue par la C-66 en direction de La Bisbal d&rsquo;Empord\u00e0 et suis les indications vers Pals<\/strong>, les \u00e9tapes suivantes sont faciles. <\/p>\n\n<p class=\"wp-block-paragraph\">Tu peux aussi arriver en bus avec la compagnie Moventis \u2014 anciennement Sarfa \u2014 qui relie Barcelone et G\u00e9rone \u00e0 la plage de Pals. Le train n&rsquo;arrive pas \u00e0 Pals ; mais il y a une gare proche qui s&rsquo;appelle Fla\u00e7\u00e0, d&rsquo;o\u00f9 tu n&rsquo;auras besoin que d&rsquo;un taxi ou d&rsquo;un bus pour atteindre la plage. <\/p>\n\n<p class=\"wp-block-paragraph\"><strong>La meilleure option ? Le faire en voiture. <\/strong><\/p>\n\n<iframe src=\"https:\/\/www.google.com\/maps\/embed?pb=!1m18!1m12!1m3!1d46720.8552588017!2d3.206575430743918!3d41.9870656956275!2m3!1f0!2f0!3f0!3m2!1i1024!2i768!4f13.1!3m3!1m2!1s0x12ba511fad53c301%3A0xa529bbfcd4e42f2f!2sPlatja%20de%20Pals!5e1!3m2!1ses!2ses!4v1781514344689!5m2!1ses!2ses\" width=\"600\" height=\"450\" style=\"border:0;\" allowfullscreen=\"\" loading=\"lazy\" referrerpolicy=\"no-referrer-when-downgrade\"><\/iframe>\n\n<h2 class=\"wp-block-heading\">Environnement naturel et faune de Pals <\/h2>\n\n<p class=\"wp-block-paragraph\"><strong>La partie la plus sauvage de la plage se connecte visuellement avec les rizi\u00e8res de Pals<\/strong>, ce qui n&rsquo;est pas quelque chose que tu t&rsquo;attends \u00e0 voir quand tu penses \u00e0 une plage m\u00e9diterran\u00e9enne.<\/p>\n\n<p class=\"wp-block-paragraph\">\u00c0 c\u00f4t\u00e9 se trouvent aussi les <strong>Basses d&rsquo;en Coll, un espace de zones humides prot\u00e9g\u00e9<\/strong> o\u00f9 vit une quantit\u00e9 surprenante d&rsquo;oiseaux. Si tu aimes l&rsquo;observation de la faune, \u00e7a vaut la peine de t&rsquo;approcher avec l&rsquo;appareil photo ou les jumelles. Tu trouveras aussi dans cet environnement prot\u00e9g\u00e9 des \u00e9cureuils, des serpents et des scorpions.  <\/p>\n\n<p class=\"wp-block-paragraph\">Et puisqu&rsquo;on y est, on va te raconter une histoire des plus curieuses. <strong>Pendant des d\u00e9cennies, dans la zone de dunes de la plage de Pals \u2014 qui aujourd&rsquo;hui est class\u00e9e comme \u00ab prot\u00e9g\u00e9e \u00bb \u2014 fonctionnait Radio Liberty<\/strong> : une station de radio financ\u00e9e par la CIA qui depuis 1959 \u00e9mettait vers l&rsquo;Union sovi\u00e9tique et les pays du bloc de l&rsquo;Est. <\/p>\n\n<p class=\"wp-block-paragraph\">C&rsquo;est pourquoi treize antennes, la plus haute de 169 m\u00e8tres, profitaient du fait que la mer agit comme un miroir r\u00e9flecteur pour amplifier leur signal jusqu&rsquo;\u00e0 Moscou, qui est \u00e0 2 700 kilom\u00e8tres. Impressionnant, n&rsquo;est-ce pas ? <\/p>\n\n<p class=\"wp-block-paragraph\">Les habitants de Pals, qui voyaient ces structures \u00e9normes depuis la plage sans trop savoir ce qu&rsquo;elles \u00e9taient, sp\u00e9culaient qu&rsquo;elles pouvaient \u00eatre des rampes de missiles ou une base sous-marine cach\u00e9e sous le sable. En 2006, elles ont \u00e9t\u00e9 retir\u00e9es de l&rsquo;horizon de Pals, laissant ce que tu vas trouver lors de ton voyage : une belle plage tr\u00e8s accueillante. <\/p>\n\n<figure class=\"wp-block-image size-large\"><img decoding=\"async\" width=\"1024\" height=\"768\" src=\"https:\/\/homesincostabrava.com\/wp-content\/uploads\/2026\/06\/Platja-de-Pals-costa-brava-1024x768.webp\" alt=\"Platja de Pals costa brava\" class=\"wp-image-8256\" srcset=\"https:\/\/homesincostabrava.com\/wp-content\/uploads\/2026\/06\/Platja-de-Pals-costa-brava-1024x768.webp 1024w, https:\/\/homesincostabrava.com\/wp-content\/uploads\/2026\/06\/Platja-de-Pals-costa-brava-300x225.webp 300w, https:\/\/homesincostabrava.com\/wp-content\/uploads\/2026\/06\/Platja-de-Pals-costa-brava-768x576.webp 768w, https:\/\/homesincostabrava.com\/wp-content\/uploads\/2026\/06\/Platja-de-Pals-costa-brava.webp 1360w\" sizes=\"(max-width: 1024px) 100vw, 1024px\" \/><\/figure>\n\n<h2 class=\"wp-block-heading\">Restaurants et gastronomie pr\u00e8s de la mer <\/h2>\n\n<p class=\"wp-block-paragraph\"><strong>Le produit vedette de la plage de Pals \u2014 et du Baix Empord\u00e0 en g\u00e9n\u00e9ral \u2014 est le riz<\/strong>. Sa culture est li\u00e9e au village depuis des si\u00e8cles et tu vas le trouver dans pratiquement toutes les cartes de la zone. Tu peux le go\u00fbter en bouillon, sec, noir, au homard ou avec des crevettes de Palam\u00f3s, qui est une autre r\u00e9f\u00e9rence gastronomique de cette c\u00f4te que tu ne devrais pas n\u00e9gliger.  <\/p>\n\n<p class=\"wp-block-paragraph\">Si tu veux manger avec vue sur la mer<strong>, <\/strong><a href=\"https:\/\/www.instagram.com\/solimar_restaurant_cafe\/\"><strong>Solimar<\/strong><\/a><strong> est une bonne option o\u00f9 tu vas trouver une carte remplie de plats centr\u00e9s sur les poissons et les riz<\/strong>. Pour quelque chose de plus informel, nous te recommandons <a href=\"https:\/\/lesdunespals.com\">Les Dunes<\/a>, o\u00f9 tu peux trouver des tapas cr\u00e9atives et des petits plats \u00e0 partager. <\/p>\n\n<p class=\"wp-block-paragraph\">On te donne plus d&rsquo;options. \u00c0 <a href=\"https:\/\/www.instagram.com\/esportalhotel\/\">Es Portal<\/a>, une ferme du XVIe si\u00e8cle qui appara\u00eet dans le Guide Michelin, tu pourras aussi go\u00fbter des riz accompagn\u00e9s d&rsquo;autres produits de saison, et, \u00e0 <a href=\"https:\/\/canruben.cat\">Can Ruben<\/a>, tu peux trouver un tr\u00e8s bon rapport qualit\u00e9-prix \u00e9galement pour go\u00fbter des plats avec le protagoniste de la zone : le riz. <\/p>\n\n<h2 class=\"wp-block-heading\">Tu viens d\u00e9couvrir la plage de Pals ? <\/h2>\n\n<p class=\"wp-block-paragraph\">Pour profiter au maximum de la plage de Pals, d\u00e9couvrir ses rizi\u00e8res et savourer plusieurs plats de sa gastronomie, l&rsquo;id\u00e9al est de <strong>rester quelques jours dans la zone<\/strong>.<\/p>\n\n<p class=\"wp-block-paragraph\">Tu veux le faire avec la garantie que l&rsquo;h\u00e9bergement sera aussi spectaculaire que la plage de Pals ? Alors tu dois choisir le tien chez <a href=\"https:\/\/homesincostabrava.com\/fr\/\">Homes in Costa Brava<\/a>. <\/p>\n\n<p class=\"wp-block-paragraph\">Nous t&rsquo;assurons qu&rsquo;aucun ne manque de d\u00e9tails et que nous serons ravis de t&rsquo;accueillir !<\/p>\n\n<p class=\"wp-block-paragraph\"><\/p>\n","protected":false},"excerpt":{"rendered":"<p>Si tu cherches des options de plage sur la Costa Brava et que tu n&rsquo;as pas encore envisag\u00e9 Pals, tu vas changer d&rsquo;avis tr\u00e8s tr\u00e8s rapidement si tu continues \u00e0 [&hellip;]<\/p>\n","protected":false},"author":1,"featured_media":8263,"comment_status":"open","ping_status":"closed","sticky":false,"template":"","format":"standard","meta":{"_yoast_wpseo_schema_page_type":"","_yoast_wpseo_schema_article_type":"","_jetpack_newsletter_access":"","_jetpack_dont_email_post_to_subs":false,"_jetpack_newsletter_tier_id":0,"_jetpack_memberships_contains_paywalled_content":false,"_jetpack_feature_clip_id":0,"_jetpack_memberships_contains_paid_content":false,"footnotes":"","jetpack_post_was_ever_published":false},"categories":[17],"tags":[],"class_list":["post-8269","post","type-post","status-publish","format-standard","has-post-thumbnail","hentry","category-costa-brava"],"yoast_head":"<!-- This site is optimized with the Yoast SEO plugin v28.2 - https:\/\/yoast.com\/product\/yoast-seo-wordpress\/ -->\n<title>Plage de Pals : l&#039;une des meilleures plages de la Costa Brava - Blog<\/title>\n<meta name=\"description\" content=\"Explore la beaut\u00e9 de Son Serra de Marina. Profite de sa plage vierge, consulte la m\u00e9t\u00e9o et trouve les meilleurs restaurants.\" \/>\n<meta name=\"robots\" content=\"index, follow, max-snippet:-1, max-image-preview:large, max-video-preview:-1\" \/>\n<link rel=\"canonical\" href=\"https:\/\/homesincostabrava.com\/fr\/blog\/platja-de-pals-plage\/\" \/>\n<meta property=\"og:locale\" content=\"fr_FR\" \/>\n<meta property=\"og:type\" content=\"article\" \/>\n<meta property=\"og:title\" content=\"Plage de Pals : l&#039;une des meilleures plages de la Costa Brava - Blog\" \/>\n<meta property=\"og:description\" content=\"Explore la beaut\u00e9 de Son Serra de Marina. Profite de sa plage vierge, consulte la m\u00e9t\u00e9o et trouve les meilleurs restaurants.\" \/>\n<meta property=\"og:url\" content=\"https:\/\/homesincostabrava.com\/fr\/blog\/platja-de-pals-plage\/\" \/>\n<meta property=\"og:site_name\" content=\"Blog\" \/>\n<meta property=\"article:published_time\" content=\"2026-06-15T09:20:33+00:00\" \/>\n<meta property=\"article:modified_time\" content=\"2026-07-21T12:22:27+00:00\" \/>\n<meta property=\"og:image\" content=\"https:\/\/homesincostabrava.com\/wp-content\/uploads\/2026\/06\/Platja-de-Pals-costa-brava.webp\" \/>\n\t<meta property=\"og:image:width\" content=\"1360\" \/>\n\t<meta property=\"og:image:height\" content=\"1020\" \/>\n\t<meta property=\"og:image:type\" content=\"image\/webp\" \/>\n<meta name=\"author\" content=\"admin\" \/>\n<meta name=\"twitter:card\" content=\"summary_large_image\" \/>\n<meta name=\"twitter:label1\" content=\"\u00c9crit par\" \/>\n\t<meta name=\"twitter:data1\" content=\"admin\" \/>\n\t<meta name=\"twitter:label2\" content=\"Dur\u00e9e de lecture estim\u00e9e\" \/>\n\t<meta name=\"twitter:data2\" content=\"6 minutes\" \/>\n<script type=\"application\/ld+json\" class=\"yoast-schema-graph\">{\"@context\":\"https:\\\/\\\/schema.org\",\"@graph\":[{\"@type\":\"Article\",\"@id\":\"https:\\\/\\\/homesincostabrava.com\\\/fr\\\/blog\\\/platja-de-pals-plage\\\/#article\",\"isPartOf\":{\"@id\":\"https:\\\/\\\/homesincostabrava.com\\\/fr\\\/blog\\\/platja-de-pals-plage\\\/\"},\"author\":{\"name\":\"admin\",\"@id\":\"https:\\\/\\\/homesincostabrava.com\\\/fr\\\/#\\\/schema\\\/person\\\/5bc77072c305981661add8600eb743e5\"},\"headline\":\"Plage de Pals : l&rsquo;une des meilleures plages de la Costa Brava\",\"datePublished\":\"2026-06-15T09:20:33+00:00\",\"dateModified\":\"2026-07-21T12:22:27+00:00\",\"mainEntityOfPage\":{\"@id\":\"https:\\\/\\\/homesincostabrava.com\\\/fr\\\/blog\\\/platja-de-pals-plage\\\/\"},\"wordCount\":1220,\"commentCount\":0,\"publisher\":{\"@id\":\"https:\\\/\\\/homesincostabrava.com\\\/fr\\\/#organization\"},\"image\":{\"@id\":\"https:\\\/\\\/homesincostabrava.com\\\/fr\\\/blog\\\/platja-de-pals-plage\\\/#primaryimage\"},\"thumbnailUrl\":\"https:\\\/\\\/homesincostabrava.com\\\/wp-content\\\/uploads\\\/2026\\\/06\\\/Platja-de-Pals-costa-brava.webp\",\"articleSection\":[\"Costa Brava\"],\"inLanguage\":\"fr-FR\",\"potentialAction\":[{\"@type\":\"CommentAction\",\"name\":\"Comment\",\"target\":[\"https:\\\/\\\/homesincostabrava.com\\\/fr\\\/blog\\\/platja-de-pals-plage\\\/#respond\"]}]},{\"@type\":\"WebPage\",\"@id\":\"https:\\\/\\\/homesincostabrava.com\\\/fr\\\/blog\\\/platja-de-pals-plage\\\/\",\"url\":\"https:\\\/\\\/homesincostabrava.com\\\/fr\\\/blog\\\/platja-de-pals-plage\\\/\",\"name\":\"Plage de Pals : l'une des meilleures plages de la Costa Brava - Blog\",\"isPartOf\":{\"@id\":\"https:\\\/\\\/homesincostabrava.com\\\/fr\\\/#website\"},\"primaryImageOfPage\":{\"@id\":\"https:\\\/\\\/homesincostabrava.com\\\/fr\\\/blog\\\/platja-de-pals-plage\\\/#primaryimage\"},\"image\":{\"@id\":\"https:\\\/\\\/homesincostabrava.com\\\/fr\\\/blog\\\/platja-de-pals-plage\\\/#primaryimage\"},\"thumbnailUrl\":\"https:\\\/\\\/homesincostabrava.com\\\/wp-content\\\/uploads\\\/2026\\\/06\\\/Platja-de-Pals-costa-brava.webp\",\"datePublished\":\"2026-06-15T09:20:33+00:00\",\"dateModified\":\"2026-07-21T12:22:27+00:00\",\"description\":\"Explore la beaut\u00e9 de Son Serra de Marina. Profite de sa plage vierge, consulte la m\u00e9t\u00e9o et trouve les meilleurs restaurants.\",\"breadcrumb\":{\"@id\":\"https:\\\/\\\/homesincostabrava.com\\\/fr\\\/blog\\\/platja-de-pals-plage\\\/#breadcrumb\"},\"inLanguage\":\"fr-FR\",\"potentialAction\":[{\"@type\":\"ReadAction\",\"target\":[\"https:\\\/\\\/homesincostabrava.com\\\/fr\\\/blog\\\/platja-de-pals-plage\\\/\"]}]},{\"@type\":\"ImageObject\",\"inLanguage\":\"fr-FR\",\"@id\":\"https:\\\/\\\/homesincostabrava.com\\\/fr\\\/blog\\\/platja-de-pals-plage\\\/#primaryimage\",\"url\":\"https:\\\/\\\/homesincostabrava.com\\\/wp-content\\\/uploads\\\/2026\\\/06\\\/Platja-de-Pals-costa-brava.webp\",\"contentUrl\":\"https:\\\/\\\/homesincostabrava.com\\\/wp-content\\\/uploads\\\/2026\\\/06\\\/Platja-de-Pals-costa-brava.webp\",\"width\":1360,\"height\":1020,\"caption\":\"Platja de Pals costa brava\"},{\"@type\":\"BreadcrumbList\",\"@id\":\"https:\\\/\\\/homesincostabrava.com\\\/fr\\\/blog\\\/platja-de-pals-plage\\\/#breadcrumb\",\"itemListElement\":[{\"@type\":\"ListItem\",\"position\":1,\"name\":\"Home\",\"item\":\"https:\\\/\\\/homesincostabrava.com\\\/fr\\\/\"},{\"@type\":\"ListItem\",\"position\":2,\"name\":\"Plage de Pals : l&rsquo;une des meilleures plages de la Costa Brava\"}]},{\"@type\":\"WebSite\",\"@id\":\"https:\\\/\\\/homesincostabrava.com\\\/fr\\\/#website\",\"url\":\"https:\\\/\\\/homesincostabrava.com\\\/fr\\\/\",\"name\":\"Homes in Costa Brava\",\"description\":\"\",\"publisher\":{\"@id\":\"https:\\\/\\\/homesincostabrava.com\\\/fr\\\/#organization\"},\"potentialAction\":[{\"@type\":\"SearchAction\",\"target\":{\"@type\":\"EntryPoint\",\"urlTemplate\":\"https:\\\/\\\/homesincostabrava.com\\\/fr\\\/?s={search_term_string}\"},\"query-input\":{\"@type\":\"PropertyValueSpecification\",\"valueRequired\":true,\"valueName\":\"search_term_string\"}}],\"inLanguage\":\"fr-FR\"},{\"@type\":\"Organization\",\"@id\":\"https:\\\/\\\/homesincostabrava.com\\\/fr\\\/#organization\",\"name\":\"Homes in Costa Brava\",\"url\":\"https:\\\/\\\/homesincostabrava.com\\\/fr\\\/\",\"logo\":{\"@type\":\"ImageObject\",\"inLanguage\":\"fr-FR\",\"@id\":\"https:\\\/\\\/homesincostabrava.com\\\/fr\\\/#\\\/schema\\\/logo\\\/image\\\/\",\"url\":\"https:\\\/\\\/homesincostabrava.com\\\/wp-content\\\/uploads\\\/2025\\\/11\\\/ceigrup-torrentapi-logo-white.png\",\"contentUrl\":\"https:\\\/\\\/homesincostabrava.com\\\/wp-content\\\/uploads\\\/2025\\\/11\\\/ceigrup-torrentapi-logo-white.png\",\"width\":400,\"height\":109,\"caption\":\"Homes in Costa Brava\"},\"image\":{\"@id\":\"https:\\\/\\\/homesincostabrava.com\\\/fr\\\/#\\\/schema\\\/logo\\\/image\\\/\"}},{\"@type\":\"Person\",\"@id\":\"https:\\\/\\\/homesincostabrava.com\\\/fr\\\/#\\\/schema\\\/person\\\/5bc77072c305981661add8600eb743e5\",\"name\":\"admin\",\"image\":{\"@type\":\"ImageObject\",\"inLanguage\":\"fr-FR\",\"@id\":\"https:\\\/\\\/secure.gravatar.com\\\/avatar\\\/42a1de295add8c33fd5048ebdd390af14c654bb55f9af92cf9fd71f197d4ffc8?s=96&d=mm&r=g\",\"url\":\"https:\\\/\\\/secure.gravatar.com\\\/avatar\\\/42a1de295add8c33fd5048ebdd390af14c654bb55f9af92cf9fd71f197d4ffc8?s=96&d=mm&r=g\",\"contentUrl\":\"https:\\\/\\\/secure.gravatar.com\\\/avatar\\\/42a1de295add8c33fd5048ebdd390af14c654bb55f9af92cf9fd71f197d4ffc8?s=96&d=mm&r=g\",\"caption\":\"admin\"},\"sameAs\":[\"https:\\\/\\\/caigroup-torrent-api.mystagingwebsite.com\"],\"url\":\"https:\\\/\\\/homesincostabrava.com\\\/fr\\\/blog\\\/author\\\/avantioblog\\\/\"}]}<\/script>\n<!-- \/ Yoast SEO plugin. -->","yoast_head_json":{"title":"Plage de Pals : l'une des meilleures plages de la Costa Brava - Blog","description":"Explore la beaut\u00e9 de Son Serra de Marina. Profite de sa plage vierge, consulte la m\u00e9t\u00e9o et trouve les meilleurs restaurants.","robots":{"index":"index","follow":"follow","max-snippet":"max-snippet:-1","max-image-preview":"max-image-preview:large","max-video-preview":"max-video-preview:-1"},"canonical":"https:\/\/homesincostabrava.com\/fr\/blog\/platja-de-pals-plage\/","og_locale":"fr_FR","og_type":"article","og_title":"Plage de Pals : l'une des meilleures plages de la Costa Brava - Blog","og_description":"Explore la beaut\u00e9 de Son Serra de Marina. Profite de sa plage vierge, consulte la m\u00e9t\u00e9o et trouve les meilleurs restaurants.","og_url":"https:\/\/homesincostabrava.com\/fr\/blog\/platja-de-pals-plage\/","og_site_name":"Blog","article_published_time":"2026-06-15T09:20:33+00:00","article_modified_time":"2026-07-21T12:22:27+00:00","og_image":[{"width":1360,"height":1020,"url":"https:\/\/homesincostabrava.com\/wp-content\/uploads\/2026\/06\/Platja-de-Pals-costa-brava.webp","type":"image\/webp"}],"author":"admin","twitter_card":"summary_large_image","twitter_misc":{"\u00c9crit par":"admin","Dur\u00e9e de lecture estim\u00e9e":"6 minutes"},"schema":{"@context":"https:\/\/schema.org","@graph":[{"@type":"Article","@id":"https:\/\/homesincostabrava.com\/fr\/blog\/platja-de-pals-plage\/#article","isPartOf":{"@id":"https:\/\/homesincostabrava.com\/fr\/blog\/platja-de-pals-plage\/"},"author":{"name":"admin","@id":"https:\/\/homesincostabrava.com\/fr\/#\/schema\/person\/5bc77072c305981661add8600eb743e5"},"headline":"Plage de Pals : l&rsquo;une des meilleures plages de la Costa Brava","datePublished":"2026-06-15T09:20:33+00:00","dateModified":"2026-07-21T12:22:27+00:00","mainEntityOfPage":{"@id":"https:\/\/homesincostabrava.com\/fr\/blog\/platja-de-pals-plage\/"},"wordCount":1220,"commentCount":0,"publisher":{"@id":"https:\/\/homesincostabrava.com\/fr\/#organization"},"image":{"@id":"https:\/\/homesincostabrava.com\/fr\/blog\/platja-de-pals-plage\/#primaryimage"},"thumbnailUrl":"https:\/\/homesincostabrava.com\/wp-content\/uploads\/2026\/06\/Platja-de-Pals-costa-brava.webp","articleSection":["Costa Brava"],"inLanguage":"fr-FR","potentialAction":[{"@type":"CommentAction","name":"Comment","target":["https:\/\/homesincostabrava.com\/fr\/blog\/platja-de-pals-plage\/#respond"]}]},{"@type":"WebPage","@id":"https:\/\/homesincostabrava.com\/fr\/blog\/platja-de-pals-plage\/","url":"https:\/\/homesincostabrava.com\/fr\/blog\/platja-de-pals-plage\/","name":"Plage de Pals : l'une des meilleures plages de la Costa Brava - Blog","isPartOf":{"@id":"https:\/\/homesincostabrava.com\/fr\/#website"},"primaryImageOfPage":{"@id":"https:\/\/homesincostabrava.com\/fr\/blog\/platja-de-pals-plage\/#primaryimage"},"image":{"@id":"https:\/\/homesincostabrava.com\/fr\/blog\/platja-de-pals-plage\/#primaryimage"},"thumbnailUrl":"https:\/\/homesincostabrava.com\/wp-content\/uploads\/2026\/06\/Platja-de-Pals-costa-brava.webp","datePublished":"2026-06-15T09:20:33+00:00","dateModified":"2026-07-21T12:22:27+00:00","description":"Explore la beaut\u00e9 de Son Serra de Marina. Profite de sa plage vierge, consulte la m\u00e9t\u00e9o et trouve les meilleurs restaurants.","breadcrumb":{"@id":"https:\/\/homesincostabrava.com\/fr\/blog\/platja-de-pals-plage\/#breadcrumb"},"inLanguage":"fr-FR","potentialAction":[{"@type":"ReadAction","target":["https:\/\/homesincostabrava.com\/fr\/blog\/platja-de-pals-plage\/"]}]},{"@type":"ImageObject","inLanguage":"fr-FR","@id":"https:\/\/homesincostabrava.com\/fr\/blog\/platja-de-pals-plage\/#primaryimage","url":"https:\/\/homesincostabrava.com\/wp-content\/uploads\/2026\/06\/Platja-de-Pals-costa-brava.webp","contentUrl":"https:\/\/homesincostabrava.com\/wp-content\/uploads\/2026\/06\/Platja-de-Pals-costa-brava.webp","width":1360,"height":1020,"caption":"Platja de Pals costa brava"},{"@type":"BreadcrumbList","@id":"https:\/\/homesincostabrava.com\/fr\/blog\/platja-de-pals-plage\/#breadcrumb","itemListElement":[{"@type":"ListItem","position":1,"name":"Home","item":"https:\/\/homesincostabrava.com\/fr\/"},{"@type":"ListItem","position":2,"name":"Plage de Pals : l&rsquo;une des meilleures plages de la Costa Brava"}]},{"@type":"WebSite","@id":"https:\/\/homesincostabrava.com\/fr\/#website","url":"https:\/\/homesincostabrava.com\/fr\/","name":"Homes in Costa Brava","description":"","publisher":{"@id":"https:\/\/homesincostabrava.com\/fr\/#organization"},"potentialAction":[{"@type":"SearchAction","target":{"@type":"EntryPoint","urlTemplate":"https:\/\/homesincostabrava.com\/fr\/?s={search_term_string}"},"query-input":{"@type":"PropertyValueSpecification","valueRequired":true,"valueName":"search_term_string"}}],"inLanguage":"fr-FR"},{"@type":"Organization","@id":"https:\/\/homesincostabrava.com\/fr\/#organization","name":"Homes in Costa Brava","url":"https:\/\/homesincostabrava.com\/fr\/","logo":{"@type":"ImageObject","inLanguage":"fr-FR","@id":"https:\/\/homesincostabrava.com\/fr\/#\/schema\/logo\/image\/","url":"https:\/\/homesincostabrava.com\/wp-content\/uploads\/2025\/11\/ceigrup-torrentapi-logo-white.png","contentUrl":"https:\/\/homesincostabrava.com\/wp-content\/uploads\/2025\/11\/ceigrup-torrentapi-logo-white.png","width":400,"height":109,"caption":"Homes in Costa Brava"},"image":{"@id":"https:\/\/homesincostabrava.com\/fr\/#\/schema\/logo\/image\/"}},{"@type":"Person","@id":"https:\/\/homesincostabrava.com\/fr\/#\/schema\/person\/5bc77072c305981661add8600eb743e5","name":"admin","image":{"@type":"ImageObject","inLanguage":"fr-FR","@id":"https:\/\/secure.gravatar.com\/avatar\/42a1de295add8c33fd5048ebdd390af14c654bb55f9af92cf9fd71f197d4ffc8?s=96&d=mm&r=g","url":"https:\/\/secure.gravatar.com\/avatar\/42a1de295add8c33fd5048ebdd390af14c654bb55f9af92cf9fd71f197d4ffc8?s=96&d=mm&r=g","contentUrl":"https:\/\/secure.gravatar.com\/avatar\/42a1de295add8c33fd5048ebdd390af14c654bb55f9af92cf9fd71f197d4ffc8?s=96&d=mm&r=g","caption":"admin"},"sameAs":["https:\/\/caigroup-torrent-api.mystagingwebsite.com"],"url":"https:\/\/homesincostabrava.com\/fr\/blog\/author\/avantioblog\/"}]}},"jetpack_sharing_enabled":true,"jetpack_featured_media_url":"https:\/\/homesincostabrava.com\/wp-content\/uploads\/2026\/06\/Platja-de-Pals-costa-brava.webp","_links":{"self":[{"href":"https:\/\/homesincostabrava.com\/fr\/wp-json\/wp\/v2\/posts\/8269","targetHints":{"allow":["GET"]}}],"collection":[{"href":"https:\/\/homesincostabrava.com\/fr\/wp-json\/wp\/v2\/posts"}],"about":[{"href":"https:\/\/homesincostabrava.com\/fr\/wp-json\/wp\/v2\/types\/post"}],"author":[{"embeddable":true,"href":"https:\/\/homesincostabrava.com\/fr\/wp-json\/wp\/v2\/users\/1"}],"replies":[{"embeddable":true,"href":"https:\/\/homesincostabrava.com\/fr\/wp-json\/wp\/v2\/comments?post=8269"}],"version-history":[{"count":3,"href":"https:\/\/homesincostabrava.com\/fr\/wp-json\/wp\/v2\/posts\/8269\/revisions"}],"predecessor-version":[{"id":8632,"href":"https:\/\/homesincostabrava.com\/fr\/wp-json\/wp\/v2\/posts\/8269\/revisions\/8632"}],"wp:featuredmedia":[{"embeddable":true,"href":"https:\/\/homesincostabrava.com\/fr\/wp-json\/wp\/v2\/media\/8263"}],"wp:attachment":[{"href":"https:\/\/homesincostabrava.com\/fr\/wp-json\/wp\/v2\/media?parent=8269"}],"wp:term":[{"taxonomy":"category","embeddable":true,"href":"https:\/\/homesincostabrava.com\/fr\/wp-json\/wp\/v2\/categories?post=8269"},{"taxonomy":"post_tag","embeddable":true,"href":"https:\/\/homesincostabrava.com\/fr\/wp-json\/wp\/v2\/tags?post=8269"}],"curies":[{"name":"wp","href":"https:\/\/api.w.org\/{rel}","templated":true}]}}